{"id":409,"date":"2012-02-02T13:05:21","date_gmt":"2012-02-02T13:05:21","guid":{"rendered":""},"modified":"2022-10-26T10:05:01","modified_gmt":"2022-10-26T08:05:01","slug":"palazzo-della-gran-guardia-e-dei-congressi-verona","status":"publish","type":"post","link":"https:\/\/www.arteco-architetti.it\/en\/2012\/02\/02\/palazzo-della-gran-guardia-e-dei-congressi-verona\/","title":{"rendered":"PALAZZO DELLA GRAN GUARDIA E DEI CONGRESSI &#8211; Verona"},"content":{"rendered":"<p><\/p>\n<p><\/p>\n<div>\n<div><span style=\"text-decoration: underline;\">RESTAURO\u00a0di Palazzo della Gran Guardia e ampliamento per Centro Congressi<\/span><\/div>\n<div><\/div>\n<div>ANNO: 1995-2001<\/div>\n<div><\/div>\n<div>LUOGO: Verona &#8211; Italia<\/div>\n<div><\/div>\n<div>COMMITTENTE: Comune di Verona<\/div>\n<\/div>\n<p style=\"text-align: justify;\">Il Palazzo della Gran Guardia, uno dei palazzi di propriet\u00e0 comunale tra i pi\u00f9 rappresentativi sia per la pregevole architettura, sia per la posizione nel cuore della citt\u00e0 , delimita il lato meridionale della piazza Bra e completa la forma triangolare della stessa con il Palazzo Barbieri ed il Liston con i suoi signorili palazzi seicenteschi. L&#8217;edificio, addossato alle mura comunali, viene fondato nel 1610; la facciata \u00e8 ultimata nel 1820 sotto la direzione dell&#8217;Arch. Barbieri mentre gli spazi interni, vengono utilizzati in epoca pi\u00f9 tarda tanto che solo nel 1835 si giunge al collaudo dell&#8217;intero edificio. Negli anni &#8217;60 Il palazzo della Gran Guardia si presenta restaurato nella sua parte monumentale, corredato delle due sale ai lati dello scalone Barbieri (tra loro comunicanti attraverso il vano scala), di una dotazione di servizi e centrali termiche (negli scantinati), che permettono allo storico monumento di esercitare una parte attiva nella vita della citt\u00e0 , sia con le attivit\u00e0 commerciali sia con le importanti e storiche mostre in esso allestite, ma successivamente il baricentro degli affari lascia piazza Br\u00e0 per spostarsi, a Sud e la Gran Guardia perde il suo vitale ruolo da sempre svolto e si assiste cos\u00ec alla progressiva decadenza del monumento.<br \/>\nAll&#8217;inizio degli anni &#8217;80 l&#8217;Amministrazione Comunale decide di fare un centro congressi sviluppato nell&#8221;area delle due sale ai lati dello scalone Barbieri ma per il suo completamento diventa essenziale il restauro dell&#8217;intero palazzo monumentale.<\/p>\n<p style=\"text-align: justify;\">Progetto Architettonico<br \/>\nPartendo dalle approfondite indagini condotte sul sito durante le fase dei rilievi architettonici e dall&#8217;esame dei dati e delle informazioni storiche, il progetto di restauro propone il recupero delle parti funzionali e architettoniche la cui alterazione, non ha cancellato le tracce dello stato originale e il mantenimento di quelle trasformazioni, come l&#8217;apertura dei vani porta nel piano terra a loggiato utilizzate in seguito alla costruzione della Sala Grani e della Sala Vini, che sarebbe difficile cercare di riportare allo smarrito e incerto stato originario ed infine il progetto considera necessario perseguire la conservazione e il restauro di tutti gli elementi architettonici e costruttivi venuti alla luce durante i sondaggi. Primo obiettivo \u00e8 perci\u00f2 la restituzione della Gran Guardia allo stato pi\u00f9 prossimo alla condizione assunta all&#8217;inizio del secolo, prima dei lavori compiuti negli anni &#8217;20 e di quelli successivi che, soprattutto per la scala Barbieri, ne hanno alterata la situazione originale.<br \/>\nUn secondo obiettivo \u00e8 il pieno riutilizzo funzionale del fabbricato antico nel rispetto del valore storico-architettonico. Il progetto del centro congressi e il restauro della Gran Guardia prevede che essa partecipi alla futura vita del nuovo impianto edilizio con un doppio ruolo: come facciata e ingresso monumentale all&#8217;intero complesso e contemporaneamente per allestire grandi e piccole mostre e cerimonie pubbliche.<br \/>\nIl progetto prevede la realizzazione completa degli impianti per la riqualificazione dell&#8217;edificio della Gran Guardia Monumentale e dell&#8217;adiacente Centro Congressi, il consolidamento dello scalone, della struttura portante perimetrale e delle coperture del palazzo monumentale.<br \/>\nL&#8217;edificio del Centro Congressi costruito a ridosso della parte monumentale della Gran Guardia e delle Mura Viscontee a lavori ultimati ospita una grande sala a piano terra da 560 posti a sedere a cui vanno aggiunti ulteriori 120 posti ricavati in una balconata alla quota del portico dell&#8217;edificio monumentale per un totale di 680 posti. Al piano Loggia (piazza Bra) si trova la torre Pentagona di 500 mq, adibita ad ingresso-caffetteria o spazio espositivo; al livello intermedio si colloca una sala multifunzionale adibita a spazio espositivo o congressuale per un totale di 350 posti; al piano nobile una sala congressi di oltre 200 posti a sedere, spazi destinati ad esposizioni temporanee nei saloni dell&#8217;edificio monumentale.<\/p>\n<p><\/p>","protected":false},"excerpt":{"rendered":"<p class=\"qtranxs-available-languages-message qtranxs-available-languages-message-en\">Sorry, this entry is only available in <a href=\"https:\/\/www.arteco-architetti.it\/it\/wp-json\/wp\/v2\/posts\/409\" class=\"qtranxs-available-language-link qtranxs-available-language-link-it\" title=\"ITA\">Italian<\/a>.<\/p>\n","protected":false},"author":3,"featured_media":1025,"comment_status":"closed","ping_status":"open","sticky":false,"template":"","format":"standard","meta":{"_monsterinsights_skip_tracking":false,"_monsterinsights_sitenote_active":false,"_monsterinsights_sitenote_note":"","_monsterinsights_sitenote_category":0},"categories":[17,12],"tags":[],"_links":{"self":[{"href":"https:\/\/www.arteco-architetti.it\/en\/wp-json\/wp\/v2\/posts\/409"}],"collection":[{"href":"https:\/\/www.arteco-architetti.it\/en\/wp-json\/wp\/v2\/posts"}],"about":[{"href":"https:\/\/www.arteco-architetti.it\/en\/wp-json\/wp\/v2\/types\/post"}],"author":[{"embeddable":true,"href":"https:\/\/www.arteco-architetti.it\/en\/wp-json\/wp\/v2\/users\/3"}],"replies":[{"embeddable":true,"href":"https:\/\/www.arteco-architetti.it\/en\/wp-json\/wp\/v2\/comments?post=409"}],"version-history":[{"count":15,"href":"https:\/\/www.arteco-architetti.it\/en\/wp-json\/wp\/v2\/posts\/409\/revisions"}],"predecessor-version":[{"id":4062,"href":"https:\/\/www.arteco-architetti.it\/en\/wp-json\/wp\/v2\/posts\/409\/revisions\/4062"}],"wp:featuredmedia":[{"embeddable":true,"href":"https:\/\/www.arteco-architetti.it\/en\/wp-json\/wp\/v2\/media\/1025"}],"wp:attachment":[{"href":"https:\/\/www.arteco-architetti.it\/en\/wp-json\/wp\/v2\/media?parent=409"}],"wp:term":[{"taxonomy":"category","embeddable":true,"href":"https:\/\/www.arteco-architetti.it\/en\/wp-json\/wp\/v2\/categories?post=409"},{"taxonomy":"post_tag","embeddable":true,"href":"https:\/\/www.arteco-architetti.it\/en\/wp-json\/wp\/v2\/tags?post=409"}],"curies":[{"name":"wp","href":"https:\/\/api.w.org\/{rel}","templated":true}]}}