{"id":1391,"date":"2016-06-22T11:35:30","date_gmt":"2016-06-22T09:35:30","guid":{"rendered":"http:\/\/www.arteco-architetti.it\/wordpress\/?p=1391"},"modified":"2016-10-11T13:41:50","modified_gmt":"2016-10-11T11:41:50","slug":"la-citta-delle-opportunita-londra-2016","status":"publish","type":"post","link":"https:\/\/www.arteco-architetti.it\/en\/2016\/06\/22\/la-citta-delle-opportunita-londra-2016\/","title":{"rendered":"La citt\u00e0 delle opportunit\u00e0 \u2013 Londra 2016"},"content":{"rendered":"<p><img loading=\"lazy\" class=\"size-full wp-image-1393 aligncenter\" src=\"http:\/\/www.arteco-architetti.it\/wordpress\/wp-content\/uploads\/2016\/06\/LONDRA-16.jpg\" alt=\"LONDRA 16\" width=\"1663\" height=\"576\" srcset=\"https:\/\/www.arteco-architetti.it\/wordpress\/wp-content\/uploads\/2016\/06\/LONDRA-16.jpg 1663w, https:\/\/www.arteco-architetti.it\/wordpress\/wp-content\/uploads\/2016\/06\/LONDRA-16-300x104.jpg 300w, https:\/\/www.arteco-architetti.it\/wordpress\/wp-content\/uploads\/2016\/06\/LONDRA-16-768x266.jpg 768w, https:\/\/www.arteco-architetti.it\/wordpress\/wp-content\/uploads\/2016\/06\/LONDRA-16-1024x355.jpg 1024w\" sizes=\"(max-width: 1663px) 100vw, 1663px\" \/><br \/>\nLa citt\u00e0 delle opportunit\u00e0 \u2013 Londra 2016 \u2013 al di l\u00e0 della CITY con le sue strutture in continua crescita anche nei neighborhoods l\u2019attivit\u00e0 edilizia \u00e8 presente nelle riqualificazioni commerciali e ricettive, dando luogo ad opportunit\u00e0 differenziate per gli investimenti.<\/p>\n","protected":false},"excerpt":{"rendered":"<p>La citt\u00e0 delle opportunit\u00e0 \u2013 Londra 2016 \u2013 al di l\u00e0 della CITY con le sue strutture in continua crescita anche nei neighborhoods l\u2019attivit\u00e0 edilizia \u00e8 presente nelle riqualificazioni commerciali e ricettive, dando luogo ad opportunit\u00e0 differenziate per gli investimenti.<\/p>\n","protected":false},"author":3,"featured_media":1393,"comment_status":"closed","ping_status":"closed","sticky":false,"template":"","format":"standard","meta":{"_monsterinsights_skip_tracking":false,"_monsterinsights_sitenote_active":false,"_monsterinsights_sitenote_note":"","_monsterinsights_sitenote_category":0},"categories":[6],"tags":[],"_links":{"self":[{"href":"https:\/\/www.arteco-architetti.it\/en\/wp-json\/wp\/v2\/posts\/1391"}],"collection":[{"href":"https:\/\/www.arteco-architetti.it\/en\/wp-json\/wp\/v2\/posts"}],"about":[{"href":"https:\/\/www.arteco-architetti.it\/en\/wp-json\/wp\/v2\/types\/post"}],"author":[{"embeddable":true,"href":"https:\/\/www.arteco-architetti.it\/en\/wp-json\/wp\/v2\/users\/3"}],"replies":[{"embeddable":true,"href":"https:\/\/www.arteco-architetti.it\/en\/wp-json\/wp\/v2\/comments?post=1391"}],"version-history":[{"count":2,"href":"https:\/\/www.arteco-architetti.it\/en\/wp-json\/wp\/v2\/posts\/1391\/revisions"}],"predecessor-version":[{"id":1394,"href":"https:\/\/www.arteco-architetti.it\/en\/wp-json\/wp\/v2\/posts\/1391\/revisions\/1394"}],"wp:featuredmedia":[{"embeddable":true,"href":"https:\/\/www.arteco-architetti.it\/en\/wp-json\/wp\/v2\/media\/1393"}],"wp:attachment":[{"href":"https:\/\/www.arteco-architetti.it\/en\/wp-json\/wp\/v2\/media?parent=1391"}],"wp:term":[{"taxonomy":"category","embeddable":true,"href":"https:\/\/www.arteco-architetti.it\/en\/wp-json\/wp\/v2\/categories?post=1391"},{"taxonomy":"post_tag","embeddable":true,"href":"https:\/\/www.arteco-architetti.it\/en\/wp-json\/wp\/v2\/tags?post=1391"}],"curies":[{"name":"wp","href":"https:\/\/api.w.org\/{rel}","templated":true}]}}