{"id":1372,"date":"2016-06-22T11:17:32","date_gmt":"2016-06-22T09:17:32","guid":{"rendered":"http:\/\/www.arteco-architetti.it\/wordpress\/?p=1372"},"modified":"2016-10-11T13:41:51","modified_gmt":"2016-10-11T11:41:51","slug":"rete-buildinit","status":"publish","type":"post","link":"https:\/\/www.arteco-architetti.it\/en\/2016\/06\/22\/rete-buildinit\/","title":{"rendered":"RETE Buildinit"},"content":{"rendered":"<p class=\"western\" align=\"center\"><img loading=\"lazy\" class=\"wp-image-1373 size-medium aligncenter\" src=\"http:\/\/www.arteco-architetti.it\/wordpress\/wp-content\/uploads\/2016\/06\/arta-e1466586614249-300x196.png\" width=\"300\" height=\"196\" srcset=\"https:\/\/www.arteco-architetti.it\/wordpress\/wp-content\/uploads\/2016\/06\/arta-e1466586614249-300x196.png 300w, https:\/\/www.arteco-architetti.it\/wordpress\/wp-content\/uploads\/2016\/06\/arta-e1466586614249.png 555w\" sizes=\"(max-width: 300px) 100vw, 300px\" \/><\/p>\n<p class=\"western\" align=\"center\">BUILDINIT \u00e8 una rete di imprese italiane che rappresenta l&#8217;eccellenza della professionalit\u00e0 e dei servizi che l&#8217;Italia \u00e8 in grado di offrire nel settore delle costruzioni civili ed industriali.<\/p>\n<p class=\"western\" align=\"justify\"><span style=\"font-family: 'Liberation Serif', serif;\"><span style=\"font-size: medium;\"><span style=\"font-family: Arial, sans-serif;\">La rete ha una struttura dinamica in grado di coinvolgere altre realt\u00e0 del settore per rispondere alle esigenze tecniche e professionali individuate, in relazione alla natura dell\u2019opera da realizzare.<\/span><\/span><\/span><\/p>\n<p class=\"western\" align=\"justify\"><span style=\"font-family: 'Liberation Serif', serif;\"><span style=\"font-size: medium;\"><span style=\"font-family: Arial, sans-serif;\">Le aziende che costituiscono la rete si propongono di sviluppare tutto l\u2019iter progettuale-realizzativo in modo tale da seguire l\u2019intervento con continuit\u00e0, a partire dallo svolgimento di studi di fattibilit\u00e0, alla progettazione integrale esecutiva, fino alla realizzazione \u201cchiavi in mano\u201d, adottando tecniche in opera o prefabbricate, componentistica, materiali e soluzioni di alto livello in termini qualitativi e tecnici. L\u2019attenzione alla qualit\u00e0 del prodotto e dei materiali e all&#8217;utilizzo di soluzioni architettonicamente integrate ed energeticamente sostenibili sono i principali focus della rete che dispone di una solida base e di un rappresentante in loco.<\/span><\/span><\/span><\/p>\n<p class=\"western\" align=\"justify\"><span style=\"font-family: Arial, sans-serif;\"><span style=\"font-size: medium;\">Le aziende della rete Buildinit hanno esperienza nel settore privato e pubblico e vantano qualifiche e referenze di sicuro interesse, quali la certificazione SOA per la partecipazione agli appalti pubblici e la certificazione di qualit\u00e0 delle proprie organizzazioni.<\/span><\/span><\/p>\n<p class=\"western\" align=\"justify\"><span style=\"font-family: Arial, sans-serif;\"><span style=\"font-size: medium;\">Le aziende della rete BUILDINIT sono ad oggi le seguenti, di seguito brevemente descritte.<\/span><\/span><\/p>\n<ul>\n<li>\n<p class=\"western\" align=\"justify\"><span style=\"font-family: 'Liberation Serif', serif;\"><span style=\"font-size: medium;\"><span style=\"font-family: Arial, sans-serif;\"><span style=\"font-size: small;\"><b>ARTECO s.r.l.<\/b><\/span><\/span><span style=\"font-family: Arial, sans-serif;\"><span style=\"font-size: small;\"> e <\/span><\/span><span style=\"font-family: Arial, sans-serif;\"><span style=\"font-size: small;\"><b>MTE Ingegneria s.r.l. <\/b><\/span><\/span><span style=\"font-family: Arial, sans-serif;\"><span style=\"font-size: small;\">si occupano di project management, progettazione integrata (architettonica, strutturale e impiantistica), di audit energetici e progetti per l\u2019applicazione di energie alternative, di studi di fattibilit\u00e0, consulenze in ambito acustico e di prevenzione incendi.<\/span><\/span><\/span><\/span><\/p>\n<\/li>\n<\/ul>\n<p class=\"western\" align=\"justify\"><span style=\"font-family: 'Liberation Serif', serif;\"><span style=\"font-size: medium;\"><span style=\"color: #0000ff;\"><u><a class=\"western\" href=\"http:\/\/www.arteco-architetti.it\/\"><span style=\"font-family: Arial, sans-serif;\">www.arteco-architetti.it<\/span><\/a><\/u><\/span> <\/span><\/span><\/p>\n<p class=\"western\" align=\"justify\"><span style=\"font-family: 'Liberation Serif', serif;\"><span style=\"font-size: medium;\"><span style=\"color: #0000ff;\"><u><a class=\"western\" href=\"http:\/\/www.mte-ingegneria.it\/\"><span style=\"font-family: Arial, sans-serif;\">www.mte-ingegneria.it<\/span><\/a><\/u><\/span><\/span><\/span><\/p>\n<ul>\n<li>\n<p class=\"western\" align=\"justify\"><span style=\"font-family: 'Liberation Serif', serif;\"><span style=\"font-size: medium;\"><span style=\"font-family: Arial, sans-serif;\"><span style=\"font-size: small;\"><b>Viberto Azienda Generale Costruzioni s.r.l. <\/b><\/span><\/span><span style=\"font-family: Arial, sans-serif;\"><span style=\"font-size: small;\">si propone sul mercato delle costruzioni come un\u2019azienda dinamica che avvalendosi di uno staff tecnico preparato e selezionato e di un ampio parco di automezzi e macchinari specifici assicura efficienza e continuit\u00e0.<\/span><\/span><b> <\/b><span style=\"font-family: Arial, sans-serif;\"><span style=\"font-size: small;\">I settori di eccellenza dell&#8217;impresa sono quelli delle costruzioni stradali e infrastrutturali, nonch\u00e9 dell\u2019edilizia industriale ed idraulica. Viberto vanta un alto grado di soddisfazione dei propri committenti grazie alla particolare attenzione alla valorizzazione delle persone che vi lavorano e dei mezzi di cui dispone.<\/span><\/span><\/span><\/span><\/p>\n<\/li>\n<\/ul>\n<p class=\"western\" align=\"justify\"><span style=\"font-family: 'Liberation Serif', serif;\"><span style=\"font-size: medium;\"><span style=\"color: #0000ff;\"><u><a class=\"western\" href=\"http:\/\/www.viberto.biondani.eu\/\"><span style=\"font-family: Arial, sans-serif;\">www.viberto.biondani.eu<\/span><\/a><\/u><\/span><\/span><\/span><\/p>\n<ul>\n<li>\n<p class=\"western\" align=\"justify\"><span style=\"font-family: 'Liberation Serif', serif;\"><span style=\"font-size: medium;\"><span style=\"font-family: Arial, sans-serif;\"><span style=\"font-size: small;\"><b>Mozzo Prefabbricati s.r.l.<\/b><\/span><\/span><span style=\"font-family: Arial, sans-serif;\"><span style=\"font-size: small;\"> si occupa di progettazione costruttiva, produzione, trasporto e montaggio di elementi e strutture prefabbricate in calcestruzzo armato lento e precompresso per edifici ad uso industriale, logistico, commerciale, artigianale, agro-alimentare, turistico, residenziale e infrastrutture varie (travi da ponte, barriere di sicurezza), manti di copertura.<\/span><\/span><\/span><\/span><\/p>\n<\/li>\n<\/ul>\n<p class=\"western\" align=\"justify\"><span style=\"font-family: 'Liberation Serif', serif;\"><span style=\"font-size: medium;\"><span style=\"color: #0000ff;\"><u><a class=\"western\" href=\"http:\/\/www.mozzoprefabbricati.it\/\"><span style=\"font-family: Arial, sans-serif;\">www.mozzoprefabbricati.it<\/span><\/a><\/u><\/span> <\/span><\/span><\/p>\n<ul>\n<li>\n<p class=\"western\" align=\"justify\"><span style=\"font-family: 'Liberation Serif', serif;\"><span style=\"font-size: medium;\"><span style=\"font-family: Arial, sans-serif;\"><span style=\"font-size: small;\"><b>System Impianti s.r.l.<\/b><\/span><\/span><span style=\"font-family: Arial, sans-serif;\"><span style=\"font-size: small;\"> si occupa di progettazione costruttiva ed installazione di impianti elettrici civili ed industriali, impianti alimentati da fonti rinnovabili (fotovoltaico).<\/span><\/span><\/span><\/span><\/p>\n<\/li>\n<\/ul>\n<p class=\"western\" align=\"justify\"><span style=\"font-family: 'Liberation Serif', serif;\"><span style=\"font-size: medium;\"><span style=\"color: #0000ff;\"><u><a class=\"western\" href=\"http:\/\/www.systemimpianti.it\/\"><span style=\"font-family: Arial, sans-serif;\">www.systemimpianti.it<\/span><\/a><\/u><\/span> <\/span><\/span><\/p>\n<ul>\n<li>\n<p class=\"western\" align=\"justify\"><span style=\"font-family: 'Liberation Serif', serif;\"><span style=\"font-size: medium;\"><span style=\"font-family: Arial, sans-serif;\"><span style=\"font-size: small;\"><b>Consulenza Energetica<\/b><\/span><\/span> <span style=\"font-family: Arial, sans-serif;\"><span style=\"font-size: small;\"><b>s.r.l.<\/b><\/span><\/span><span style=\"font-family: Arial, sans-serif;\"><span style=\"font-size: small;\"> si occupa di manutenzione, installazione e fornitura di impianti meccanici ad alta efficienza per la climatizzazione estiva ed invernale, impianti ricambio aria, impianti termoidraulici, antincendio, gas, idrosanitari e impianti alimentati da energie rinnovabili (solare termico, geotermia, pompe di calore).<\/span><\/span><\/span><\/span><\/p>\n<\/li>\n<\/ul>\n<p class=\"western\" align=\"justify\"><span style=\"font-family: 'Liberation Serif', serif;\"><span style=\"font-size: medium;\"><span style=\"color: #0000ff;\"><u><a class=\"western\" href=\"http:\/\/www.consulenzaenergeticavr.com\/\"><span style=\"font-family: Arial, sans-serif;\">www.consulenzaenergeticavr.com<\/span><\/a><\/u><\/span><u> <\/u><\/span><\/span><\/p>\n<ul>\n<li>\n<p class=\"western\" align=\"justify\"><span style=\"font-family: 'Liberation Serif', serif;\"><span style=\"font-size: medium;\"><span style=\"font-family: Arial, sans-serif;\"><span style=\"font-size: small;\"><b>Step s.r.l.<\/b><\/span><\/span><span style=\"font-family: Arial, sans-serif;\"><span style=\"font-size: small;\"> si occupa di fornitura, posa, lucidatura e levigatura di pavimentazioni in marmo, pietre naturali, calcestruzzo e rivestimenti in resina. L\u2019azienda offre inoltre proposte di mantenimento delle aree gi\u00e0 trattate e gestione di strutture turistiche.<\/span><\/span><\/span><\/span><\/p>\n<\/li>\n<\/ul>\n<p class=\"western\" align=\"justify\"><span style=\"font-family: 'Liberation Serif', serif;\"><span style=\"font-size: medium;\"><span style=\"color: #0000ff;\"><u><a class=\"western\" href=\"http:\/\/www.stepservizi.com\/\"><span style=\"font-family: Arial, sans-serif;\">www.stepservizi.com<\/span><\/a><\/u><\/span> <\/span><\/span><\/p>\n<p class=\"western\" align=\"justify\"><a href=\"http:\/\/www.arteco-architetti.it\/wordpress\/wp-content\/uploads\/2016\/06\/brochure_fiera_italiano.pdf\">brochure_fiera_italiano<\/a><\/p>\n<p class=\"western\" align=\"justify\"><img loading=\"lazy\" class=\"alignnone wp-image-1374\" src=\"http:\/\/www.arteco-architetti.it\/wordpress\/wp-content\/uploads\/2016\/06\/Cattura-300x160.jpg\" alt=\"Cattura\" width=\"1119\" height=\"597\" srcset=\"https:\/\/www.arteco-architetti.it\/wordpress\/wp-content\/uploads\/2016\/06\/Cattura-300x160.jpg 300w, https:\/\/www.arteco-architetti.it\/wordpress\/wp-content\/uploads\/2016\/06\/Cattura-768x410.jpg 768w, https:\/\/www.arteco-architetti.it\/wordpress\/wp-content\/uploads\/2016\/06\/Cattura-1024x547.jpg 1024w, https:\/\/www.arteco-architetti.it\/wordpress\/wp-content\/uploads\/2016\/06\/Cattura.jpg 1881w\" sizes=\"(max-width: 1119px) 100vw, 1119px\" \/><\/p>\n","protected":false},"excerpt":{"rendered":"<p>BUILDINIT \u00e8 una rete di imprese italiane che rappresenta l&#8217;eccellenza della professionalit\u00e0 e dei servizi che l&#8217;Italia \u00e8 in grado di offrire nel settore delle costruzioni civili ed industriali. La rete ha una struttura dinamica in grado di coinvolgere altre<\/p>\n","protected":false},"author":3,"featured_media":0,"comment_status":"closed","ping_status":"closed","sticky":false,"template":"","format":"standard","meta":{"_monsterinsights_skip_tracking":false,"_monsterinsights_sitenote_active":false,"_monsterinsights_sitenote_note":"","_monsterinsights_sitenote_category":0},"categories":[6],"tags":[],"_links":{"self":[{"href":"https:\/\/www.arteco-architetti.it\/en\/wp-json\/wp\/v2\/posts\/1372"}],"collection":[{"href":"https:\/\/www.arteco-architetti.it\/en\/wp-json\/wp\/v2\/posts"}],"about":[{"href":"https:\/\/www.arteco-architetti.it\/en\/wp-json\/wp\/v2\/types\/post"}],"author":[{"embeddable":true,"href":"https:\/\/www.arteco-architetti.it\/en\/wp-json\/wp\/v2\/users\/3"}],"replies":[{"embeddable":true,"href":"https:\/\/www.arteco-architetti.it\/en\/wp-json\/wp\/v2\/comments?post=1372"}],"version-history":[{"count":4,"href":"https:\/\/www.arteco-architetti.it\/en\/wp-json\/wp\/v2\/posts\/1372\/revisions"}],"predecessor-version":[{"id":1379,"href":"https:\/\/www.arteco-architetti.it\/en\/wp-json\/wp\/v2\/posts\/1372\/revisions\/1379"}],"wp:attachment":[{"href":"https:\/\/www.arteco-architetti.it\/en\/wp-json\/wp\/v2\/media?parent=1372"}],"wp:term":[{"taxonomy":"category","embeddable":true,"href":"https:\/\/www.arteco-architetti.it\/en\/wp-json\/wp\/v2\/categories?post=1372"},{"taxonomy":"post_tag","embeddable":true,"href":"https:\/\/www.arteco-architetti.it\/en\/wp-json\/wp\/v2\/tags?post=1372"}],"curies":[{"name":"wp","href":"https:\/\/api.w.org\/{rel}","templated":true}]}}